{"id":55874,"date":"2025-04-22T16:31:11","date_gmt":"2025-04-22T14:31:11","guid":{"rendered":"https:\/\/relaisgourmet.com\/las-fiestas-de-bayona-el-rey-leon-y-su-jamon\/"},"modified":"2025-04-23T09:47:59","modified_gmt":"2025-04-23T07:47:59","slug":"las-fiestas-de-bayona-el-rey-leon-y-su-jamon","status":"publish","type":"post","link":"https:\/\/relaisgourmet.com\/es\/las-fiestas-de-bayona-el-rey-leon-y-su-jamon\/","title":{"rendered":"Las Fiestas de Bayona: El rey Le\u00f3n y su jam\u00f3n"},"content":{"rendered":"\n<p>Cada verano, la ciudad de Bayona se llena de alegr\u00eda, tradiciones y sabores durante uno de los acontecimientos festivos m\u00e1s emblem\u00e1ticos del Suroeste: <strong>las Fiestas de Bayona<\/strong>. M\u00e1s que un evento festivo, es una verdadera inmersi\u00f3n en la cultura vasca, una oda a la convivencia, las costumbres y&#8230; la gastronom\u00eda. En <strong>Relais Gourmet<\/strong> no pod\u00edamos faltar a esta celebraci\u00f3n en la que <strong>el Jam\u00f3n de Bayona<\/strong>, joya de la corona de la gastronom\u00eda local, ocupa un lugar de honor. Incluso lo hace en la mesa de King Leon.<\/p>\n\n<p>Desde lo alto de sus extravagantes vestiduras, <strong>el rey Le\u00f3n<\/strong> encarna el esp\u00edritu festivo. Cada a\u00f1o, inaugura las fiestas rodeado de su majestuosa corte en el famoso <strong>desfile real<\/strong>. Este momento de j\u00fabilo popular brinda a grandes y peque\u00f1os la oportunidad de maravillarse ante los gigantes emblem\u00e1ticos de Bayona. Descubre los secretos de esta incre\u00edble procesi\u00f3n en la <a class=\"\" href=\"https:\/\/fetes.bayonne.fr\/fetes-de-bayonne\/les-temps-forts\/le-defile-de-la-cour-du-roi-leon\">p\u00e1gina web oficial de las Fiestas de Bayona<\/a>. Echa un vistazo entre bastidores a esta tradici\u00f3n en v\u00eddeo con <a class=\"\" href=\"https:\/\/www.sudouest.fr\/culture\/fetes-de-bayonne\/video-fetes-de-bayonne-2024-qui-sont-les-six-geants-de-la-cour-du-roi-leon-20489152.php\">Sud Ouest<\/a>.<\/p>\n\n<p>Pero, \u00bfqu\u00e9 ser\u00edan las Fiestas de Bayona sin sus especialidades gastron\u00f3micas? <strong>El Jam\u00f3n de Bayona<\/strong>, producto excepcional nacido de un saber hacer ancestral, ocupa un lugar de honor en todas las mesas. Salado, madurado y cortado a mano, encarna el alma misma de la regi\u00f3n vasca. <strong>Relais Gourmet<\/strong> comparte este orgullo ofreci\u00e9ndote productos del Suroeste de Francia durante todo el a\u00f1o. Estos productos se seleccionan rigurosamente por su autenticidad y calidad.<\/p>\n\n<p>Si quieres saber m\u00e1s sobre la importancia de estas fiestas para la identidad culinaria de la regi\u00f3n, lee nuestro art\u00edculo dedicado: <a class=\"\" href=\"https:\/\/relaisgourmet.com\/f-comme-fetes-de-bayonne-2\/\">Relais Gourmet - Fiestas de Bayona<\/a>.<\/p>\n\n<p>En verano y durante todo el a\u00f1o, puedes disfrutar de esta tradici\u00f3n. Y en Relais Gourmet, se comparte con pasi\u00f3n.<\/p>\n\n<p><\/p>\n","protected":false},"excerpt":{"rendered":"<p>Cada verano, la ciudad de Bayona se llena de alegr\u00eda, tradiciones y sabores durante uno de los acontecimientos festivos m\u00e1s emblem\u00e1ticos del Suroeste: las Fiestas de Bayona. M\u00e1s que un evento festivo, es una verdadera inmersi\u00f3n en la cultura vasca, una oda a la convivencia, las costumbres y&#8230; la gastronom\u00eda. En Relais Gourmet no pod\u00edamos [&hellip;]<\/p>\n","protected":false},"author":2377,"featured_media":55819,"comment_status":"open","ping_status":"open","sticky":false,"template":"","format":"standard","meta":{"footnotes":""},"categories":[2029],"tags":[],"class_list":["post-55874","post","type-post","status-publish","format-standard","has-post-thumbnail","hentry","category-sin-categoria"],"yoast_head":"<!-- This site is optimized with the Yoast SEO Premium plugin v27.4 (Yoast SEO v27.5) - https:\/\/yoast.com\/product\/yoast-seo-premium-wordpress\/ -->\n<title>Las Fiestas de Bayona: El rey Le\u00f3n y su jam\u00f3n<\/title>\n<meta name=\"description\" content=\"Descubre Bayona, ciudad emblem\u00e1tica del Suroeste, y sus Fiestas de Bayona, fiesta de la cultura y la gastronom\u00eda.\" \/>\n<meta name=\"robots\" content=\"index, follow, max-snippet:-1, max-image-preview:large, max-video-preview:-1\" \/>\n<link rel=\"canonical\" href=\"https:\/\/relaisgourmet.com\/es\/las-fiestas-de-bayona-el-rey-leon-y-su-jamon\/\" \/>\n<meta property=\"og:locale\" content=\"es_ES\" \/>\n<meta property=\"og:type\" content=\"article\" \/>\n<meta property=\"og:title\" content=\"Las Fiestas de Bayona: El rey Le\u00f3n y su jam\u00f3n\" \/>\n<meta property=\"og:description\" content=\"Descubre Bayona, ciudad emblem\u00e1tica del Suroeste, y sus Fiestas de Bayona, fiesta de la cultura y la gastronom\u00eda.\" \/>\n<meta property=\"og:url\" content=\"https:\/\/relaisgourmet.com\/es\/las-fiestas-de-bayona-el-rey-leon-y-su-jamon\/\" \/>\n<meta property=\"og:site_name\" content=\"Relais Gourmet\" \/>\n<meta property=\"article:publisher\" content=\"https:\/\/facebook.com\/yoast\" \/>\n<meta property=\"article:published_time\" content=\"2025-04-22T14:31:11+00:00\" \/>\n<meta property=\"article:modified_time\" content=\"2025-04-23T07:47:59+00:00\" \/>\n<meta property=\"og:image\" content=\"https:\/\/relaisgourmet.com\/wp-content\/uploads\/2025\/04\/Capture-decran-2025-04-22-162934.png\" \/>\n\t<meta property=\"og:image:width\" content=\"234\" \/>\n\t<meta property=\"og:image:height\" content=\"173\" \/>\n\t<meta property=\"og:image:type\" content=\"image\/png\" \/>\n<meta name=\"author\" content=\"Jacky PEREZ\" \/>\n<meta name=\"twitter:card\" content=\"summary_large_image\" \/>\n<meta name=\"twitter:label1\" content=\"Escrito por\" \/>\n\t<meta name=\"twitter:data1\" content=\"Jacky PEREZ\" \/>\n\t<meta name=\"twitter:label2\" content=\"Tiempo de lectura\" \/>\n\t<meta name=\"twitter:data2\" content=\"2 minuto\" \/>\n<script type=\"application\/ld+json\" class=\"yoast-schema-graph\">{\"@context\":\"https:\\\/\\\/schema.org\",\"@graph\":[{\"@type\":\"Article\",\"@id\":\"https:\\\/\\\/relaisgourmet.com\\\/es\\\/las-fiestas-de-bayona-el-rey-leon-y-su-jamon\\\/#article\",\"isPartOf\":{\"@id\":\"https:\\\/\\\/relaisgourmet.com\\\/es\\\/las-fiestas-de-bayona-el-rey-leon-y-su-jamon\\\/\"},\"author\":{\"name\":\"Jacky PEREZ\",\"@id\":\"https:\\\/\\\/relaisgourmet.com\\\/es\\\/#\\\/schema\\\/person\\\/1e3ce1c6832aa9052fa9f837919cb44b\"},\"headline\":\"Las Fiestas de Bayona: El rey Le\u00f3n y su jam\u00f3n\",\"datePublished\":\"2025-04-22T14:31:11+00:00\",\"dateModified\":\"2025-04-23T07:47:59+00:00\",\"mainEntityOfPage\":{\"@id\":\"https:\\\/\\\/relaisgourmet.com\\\/es\\\/las-fiestas-de-bayona-el-rey-leon-y-su-jamon\\\/\"},\"wordCount\":330,\"commentCount\":0,\"publisher\":{\"@id\":\"https:\\\/\\\/relaisgourmet.com\\\/es\\\/#organization\"},\"image\":{\"@id\":\"https:\\\/\\\/relaisgourmet.com\\\/es\\\/las-fiestas-de-bayona-el-rey-leon-y-su-jamon\\\/#primaryimage\"},\"thumbnailUrl\":\"https:\\\/\\\/relaisgourmet.com\\\/wp-content\\\/uploads\\\/2025\\\/04\\\/Capture-decran-2025-04-22-162934.png\",\"inLanguage\":\"es\",\"potentialAction\":[{\"@type\":\"CommentAction\",\"name\":\"Comment\",\"target\":[\"https:\\\/\\\/relaisgourmet.com\\\/es\\\/las-fiestas-de-bayona-el-rey-leon-y-su-jamon\\\/#respond\"]}]},{\"@type\":\"WebPage\",\"@id\":\"https:\\\/\\\/relaisgourmet.com\\\/es\\\/las-fiestas-de-bayona-el-rey-leon-y-su-jamon\\\/\",\"url\":\"https:\\\/\\\/relaisgourmet.com\\\/es\\\/las-fiestas-de-bayona-el-rey-leon-y-su-jamon\\\/\",\"name\":\"Las Fiestas de Bayona: El rey Le\u00f3n y su jam\u00f3n\",\"isPartOf\":{\"@id\":\"https:\\\/\\\/relaisgourmet.com\\\/es\\\/#website\"},\"primaryImageOfPage\":{\"@id\":\"https:\\\/\\\/relaisgourmet.com\\\/es\\\/las-fiestas-de-bayona-el-rey-leon-y-su-jamon\\\/#primaryimage\"},\"image\":{\"@id\":\"https:\\\/\\\/relaisgourmet.com\\\/es\\\/las-fiestas-de-bayona-el-rey-leon-y-su-jamon\\\/#primaryimage\"},\"thumbnailUrl\":\"https:\\\/\\\/relaisgourmet.com\\\/wp-content\\\/uploads\\\/2025\\\/04\\\/Capture-decran-2025-04-22-162934.png\",\"datePublished\":\"2025-04-22T14:31:11+00:00\",\"dateModified\":\"2025-04-23T07:47:59+00:00\",\"description\":\"Descubre Bayona, ciudad emblem\u00e1tica del Suroeste, y sus Fiestas de Bayona, fiesta de la cultura y la gastronom\u00eda.\",\"breadcrumb\":{\"@id\":\"https:\\\/\\\/relaisgourmet.com\\\/es\\\/las-fiestas-de-bayona-el-rey-leon-y-su-jamon\\\/#breadcrumb\"},\"inLanguage\":\"es\",\"potentialAction\":[{\"@type\":\"ReadAction\",\"target\":[\"https:\\\/\\\/relaisgourmet.com\\\/es\\\/las-fiestas-de-bayona-el-rey-leon-y-su-jamon\\\/\"]}]},{\"@type\":\"ImageObject\",\"inLanguage\":\"es\",\"@id\":\"https:\\\/\\\/relaisgourmet.com\\\/es\\\/las-fiestas-de-bayona-el-rey-leon-y-su-jamon\\\/#primaryimage\",\"url\":\"https:\\\/\\\/relaisgourmet.com\\\/wp-content\\\/uploads\\\/2025\\\/04\\\/Capture-decran-2025-04-22-162934.png\",\"contentUrl\":\"https:\\\/\\\/relaisgourmet.com\\\/wp-content\\\/uploads\\\/2025\\\/04\\\/Capture-decran-2025-04-22-162934.png\",\"width\":234,\"height\":173},{\"@type\":\"BreadcrumbList\",\"@id\":\"https:\\\/\\\/relaisgourmet.com\\\/es\\\/las-fiestas-de-bayona-el-rey-leon-y-su-jamon\\\/#breadcrumb\",\"itemListElement\":[{\"@type\":\"ListItem\",\"position\":1,\"name\":\"Inicio\",\"item\":\"https:\\\/\\\/relaisgourmet.com\\\/es\\\/\"},{\"@type\":\"ListItem\",\"position\":2,\"name\":\"Las Fiestas de Bayona: El rey Le\u00f3n y su jam\u00f3n\"}]},{\"@type\":\"WebSite\",\"@id\":\"https:\\\/\\\/relaisgourmet.com\\\/es\\\/#website\",\"url\":\"https:\\\/\\\/relaisgourmet.com\\\/es\\\/\",\"name\":\"Relais Gourmet\",\"description\":\"Maison Gastronomique au Pays-Basque Depuis 2004\",\"publisher\":{\"@id\":\"https:\\\/\\\/relaisgourmet.com\\\/es\\\/#organization\"},\"potentialAction\":[{\"@type\":\"SearchAction\",\"target\":{\"@type\":\"EntryPoint\",\"urlTemplate\":\"https:\\\/\\\/relaisgourmet.com\\\/es\\\/?s={search_term_string}\"},\"query-input\":{\"@type\":\"PropertyValueSpecification\",\"valueRequired\":true,\"valueName\":\"search_term_string\"}}],\"inLanguage\":\"es\"},{\"@type\":\"Organization\",\"@id\":\"https:\\\/\\\/relaisgourmet.com\\\/es\\\/#organization\",\"name\":\"Relais Gourmet\",\"url\":\"https:\\\/\\\/relaisgourmet.com\\\/es\\\/\",\"logo\":{\"@type\":\"ImageObject\",\"inLanguage\":\"es\",\"@id\":\"https:\\\/\\\/relaisgourmet.com\\\/es\\\/#\\\/schema\\\/logo\\\/image\\\/\",\"url\":\"https:\\\/\\\/relaisgourmet.com\\\/wp-content\\\/uploads\\\/2024\\\/11\\\/Diseno-sin-titulo-8.jpg\",\"contentUrl\":\"https:\\\/\\\/relaisgourmet.com\\\/wp-content\\\/uploads\\\/2024\\\/11\\\/Diseno-sin-titulo-8.jpg\",\"width\":500,\"height\":500,\"caption\":\"Relais Gourmet\"},\"image\":{\"@id\":\"https:\\\/\\\/relaisgourmet.com\\\/es\\\/#\\\/schema\\\/logo\\\/image\\\/\"},\"sameAs\":[\"https:\\\/\\\/facebook.com\\\/yoast\",\"https:\\\/\\\/instagram.com\\\/yoast\"]},{\"@type\":\"Person\",\"@id\":\"https:\\\/\\\/relaisgourmet.com\\\/es\\\/#\\\/schema\\\/person\\\/1e3ce1c6832aa9052fa9f837919cb44b\",\"name\":\"Jacky PEREZ\",\"image\":{\"@type\":\"ImageObject\",\"inLanguage\":\"es\",\"@id\":\"https:\\\/\\\/secure.gravatar.com\\\/avatar\\\/8bde73d27cff56d0728ae907cfe50ae35966e1843a6039a80c10e3f701b1b9db?s=96&d=mm&r=g\",\"url\":\"https:\\\/\\\/secure.gravatar.com\\\/avatar\\\/8bde73d27cff56d0728ae907cfe50ae35966e1843a6039a80c10e3f701b1b9db?s=96&d=mm&r=g\",\"contentUrl\":\"https:\\\/\\\/secure.gravatar.com\\\/avatar\\\/8bde73d27cff56d0728ae907cfe50ae35966e1843a6039a80c10e3f701b1b9db?s=96&d=mm&r=g\",\"caption\":\"Jacky PEREZ\"},\"url\":\"https:\\\/\\\/relaisgourmet.com\\\/es\\\/author\\\/yaqueche\\\/\"}]}<\/script>\n<!-- \/ Yoast SEO Premium plugin. -->","yoast_head_json":{"title":"Las Fiestas de Bayona: El rey Le\u00f3n y su jam\u00f3n","description":"Descubre Bayona, ciudad emblem\u00e1tica del Suroeste, y sus Fiestas de Bayona, fiesta de la cultura y la gastronom\u00eda.","robots":{"index":"index","follow":"follow","max-snippet":"max-snippet:-1","max-image-preview":"max-image-preview:large","max-video-preview":"max-video-preview:-1"},"canonical":"https:\/\/relaisgourmet.com\/es\/las-fiestas-de-bayona-el-rey-leon-y-su-jamon\/","og_locale":"es_ES","og_type":"article","og_title":"Las Fiestas de Bayona: El rey Le\u00f3n y su jam\u00f3n","og_description":"Descubre Bayona, ciudad emblem\u00e1tica del Suroeste, y sus Fiestas de Bayona, fiesta de la cultura y la gastronom\u00eda.","og_url":"https:\/\/relaisgourmet.com\/es\/las-fiestas-de-bayona-el-rey-leon-y-su-jamon\/","og_site_name":"Relais Gourmet","article_publisher":"https:\/\/facebook.com\/yoast","article_published_time":"2025-04-22T14:31:11+00:00","article_modified_time":"2025-04-23T07:47:59+00:00","og_image":[{"width":234,"height":173,"url":"https:\/\/relaisgourmet.com\/wp-content\/uploads\/2025\/04\/Capture-decran-2025-04-22-162934.png","type":"image\/png"}],"author":"Jacky PEREZ","twitter_card":"summary_large_image","twitter_misc":{"Escrito por":"Jacky PEREZ","Tiempo de lectura":"2 minuto"},"schema":{"@context":"https:\/\/schema.org","@graph":[{"@type":"Article","@id":"https:\/\/relaisgourmet.com\/es\/las-fiestas-de-bayona-el-rey-leon-y-su-jamon\/#article","isPartOf":{"@id":"https:\/\/relaisgourmet.com\/es\/las-fiestas-de-bayona-el-rey-leon-y-su-jamon\/"},"author":{"name":"Jacky PEREZ","@id":"https:\/\/relaisgourmet.com\/es\/#\/schema\/person\/1e3ce1c6832aa9052fa9f837919cb44b"},"headline":"Las Fiestas de Bayona: El rey Le\u00f3n y su jam\u00f3n","datePublished":"2025-04-22T14:31:11+00:00","dateModified":"2025-04-23T07:47:59+00:00","mainEntityOfPage":{"@id":"https:\/\/relaisgourmet.com\/es\/las-fiestas-de-bayona-el-rey-leon-y-su-jamon\/"},"wordCount":330,"commentCount":0,"publisher":{"@id":"https:\/\/relaisgourmet.com\/es\/#organization"},"image":{"@id":"https:\/\/relaisgourmet.com\/es\/las-fiestas-de-bayona-el-rey-leon-y-su-jamon\/#primaryimage"},"thumbnailUrl":"https:\/\/relaisgourmet.com\/wp-content\/uploads\/2025\/04\/Capture-decran-2025-04-22-162934.png","inLanguage":"es","potentialAction":[{"@type":"CommentAction","name":"Comment","target":["https:\/\/relaisgourmet.com\/es\/las-fiestas-de-bayona-el-rey-leon-y-su-jamon\/#respond"]}]},{"@type":"WebPage","@id":"https:\/\/relaisgourmet.com\/es\/las-fiestas-de-bayona-el-rey-leon-y-su-jamon\/","url":"https:\/\/relaisgourmet.com\/es\/las-fiestas-de-bayona-el-rey-leon-y-su-jamon\/","name":"Las Fiestas de Bayona: El rey Le\u00f3n y su jam\u00f3n","isPartOf":{"@id":"https:\/\/relaisgourmet.com\/es\/#website"},"primaryImageOfPage":{"@id":"https:\/\/relaisgourmet.com\/es\/las-fiestas-de-bayona-el-rey-leon-y-su-jamon\/#primaryimage"},"image":{"@id":"https:\/\/relaisgourmet.com\/es\/las-fiestas-de-bayona-el-rey-leon-y-su-jamon\/#primaryimage"},"thumbnailUrl":"https:\/\/relaisgourmet.com\/wp-content\/uploads\/2025\/04\/Capture-decran-2025-04-22-162934.png","datePublished":"2025-04-22T14:31:11+00:00","dateModified":"2025-04-23T07:47:59+00:00","description":"Descubre Bayona, ciudad emblem\u00e1tica del Suroeste, y sus Fiestas de Bayona, fiesta de la cultura y la gastronom\u00eda.","breadcrumb":{"@id":"https:\/\/relaisgourmet.com\/es\/las-fiestas-de-bayona-el-rey-leon-y-su-jamon\/#breadcrumb"},"inLanguage":"es","potentialAction":[{"@type":"ReadAction","target":["https:\/\/relaisgourmet.com\/es\/las-fiestas-de-bayona-el-rey-leon-y-su-jamon\/"]}]},{"@type":"ImageObject","inLanguage":"es","@id":"https:\/\/relaisgourmet.com\/es\/las-fiestas-de-bayona-el-rey-leon-y-su-jamon\/#primaryimage","url":"https:\/\/relaisgourmet.com\/wp-content\/uploads\/2025\/04\/Capture-decran-2025-04-22-162934.png","contentUrl":"https:\/\/relaisgourmet.com\/wp-content\/uploads\/2025\/04\/Capture-decran-2025-04-22-162934.png","width":234,"height":173},{"@type":"BreadcrumbList","@id":"https:\/\/relaisgourmet.com\/es\/las-fiestas-de-bayona-el-rey-leon-y-su-jamon\/#breadcrumb","itemListElement":[{"@type":"ListItem","position":1,"name":"Inicio","item":"https:\/\/relaisgourmet.com\/es\/"},{"@type":"ListItem","position":2,"name":"Las Fiestas de Bayona: El rey Le\u00f3n y su jam\u00f3n"}]},{"@type":"WebSite","@id":"https:\/\/relaisgourmet.com\/es\/#website","url":"https:\/\/relaisgourmet.com\/es\/","name":"Relais Gourmet","description":"Maison Gastronomique au Pays-Basque Depuis 2004","publisher":{"@id":"https:\/\/relaisgourmet.com\/es\/#organization"},"potentialAction":[{"@type":"SearchAction","target":{"@type":"EntryPoint","urlTemplate":"https:\/\/relaisgourmet.com\/es\/?s={search_term_string}"},"query-input":{"@type":"PropertyValueSpecification","valueRequired":true,"valueName":"search_term_string"}}],"inLanguage":"es"},{"@type":"Organization","@id":"https:\/\/relaisgourmet.com\/es\/#organization","name":"Relais Gourmet","url":"https:\/\/relaisgourmet.com\/es\/","logo":{"@type":"ImageObject","inLanguage":"es","@id":"https:\/\/relaisgourmet.com\/es\/#\/schema\/logo\/image\/","url":"https:\/\/relaisgourmet.com\/wp-content\/uploads\/2024\/11\/Diseno-sin-titulo-8.jpg","contentUrl":"https:\/\/relaisgourmet.com\/wp-content\/uploads\/2024\/11\/Diseno-sin-titulo-8.jpg","width":500,"height":500,"caption":"Relais Gourmet"},"image":{"@id":"https:\/\/relaisgourmet.com\/es\/#\/schema\/logo\/image\/"},"sameAs":["https:\/\/facebook.com\/yoast","https:\/\/instagram.com\/yoast"]},{"@type":"Person","@id":"https:\/\/relaisgourmet.com\/es\/#\/schema\/person\/1e3ce1c6832aa9052fa9f837919cb44b","name":"Jacky PEREZ","image":{"@type":"ImageObject","inLanguage":"es","@id":"https:\/\/secure.gravatar.com\/avatar\/8bde73d27cff56d0728ae907cfe50ae35966e1843a6039a80c10e3f701b1b9db?s=96&d=mm&r=g","url":"https:\/\/secure.gravatar.com\/avatar\/8bde73d27cff56d0728ae907cfe50ae35966e1843a6039a80c10e3f701b1b9db?s=96&d=mm&r=g","contentUrl":"https:\/\/secure.gravatar.com\/avatar\/8bde73d27cff56d0728ae907cfe50ae35966e1843a6039a80c10e3f701b1b9db?s=96&d=mm&r=g","caption":"Jacky PEREZ"},"url":"https:\/\/relaisgourmet.com\/es\/author\/yaqueche\/"}]}},"_links":{"self":[{"href":"https:\/\/relaisgourmet.com\/es\/wp-json\/wp\/v2\/posts\/55874","targetHints":{"allow":["GET"]}}],"collection":[{"href":"https:\/\/relaisgourmet.com\/es\/wp-json\/wp\/v2\/posts"}],"about":[{"href":"https:\/\/relaisgourmet.com\/es\/wp-json\/wp\/v2\/types\/post"}],"author":[{"embeddable":true,"href":"https:\/\/relaisgourmet.com\/es\/wp-json\/wp\/v2\/users\/2377"}],"replies":[{"embeddable":true,"href":"https:\/\/relaisgourmet.com\/es\/wp-json\/wp\/v2\/comments?post=55874"}],"version-history":[{"count":0,"href":"https:\/\/relaisgourmet.com\/es\/wp-json\/wp\/v2\/posts\/55874\/revisions"}],"wp:featuredmedia":[{"embeddable":true,"href":"https:\/\/relaisgourmet.com\/es\/wp-json\/wp\/v2\/media\/55819"}],"wp:attachment":[{"href":"https:\/\/relaisgourmet.com\/es\/wp-json\/wp\/v2\/media?parent=55874"}],"wp:term":[{"taxonomy":"category","embeddable":true,"href":"https:\/\/relaisgourmet.com\/es\/wp-json\/wp\/v2\/categories?post=55874"},{"taxonomy":"post_tag","embeddable":true,"href":"https:\/\/relaisgourmet.com\/es\/wp-json\/wp\/v2\/tags?post=55874"}],"curies":[{"name":"wp","href":"https:\/\/api.w.org\/{rel}","templated":true}]}}