{"id":43371,"date":"2024-07-15T08:00:44","date_gmt":"2024-07-15T06:00:44","guid":{"rendered":"https:\/\/relaisgourmet.com\/sommersalat-mit-foie-gras-und-feigenmarmelade\/"},"modified":"2025-04-12T22:24:37","modified_gmt":"2025-04-12T20:24:37","slug":"sommersalat-mit-foie-gras-und-feigenmarmelade","status":"publish","type":"post","link":"https:\/\/relaisgourmet.com\/de\/sommersalat-mit-foie-gras-und-feigenmarmelade\/","title":{"rendered":"Sommersalat mit Foie Gras und Feigenmarmelade"},"content":{"rendered":"<h5>Sommersalat mit Foie Gras und Feigenmarmelade<\/h5>\n<p><strong>Zutaten:<\/strong><\/p>\n<ul>\n<li>300 g Foie Gras<\/li>\n<li>1\/2 Bund Brunnenkresse<\/li>\n<li>1 Renette-Apfel<\/li>\n<li>2 frische Feigen (oder 4 getrocknete Feigen)<\/li>\n<li>1 Essl\u00f6ffel Feigenmarmelade<\/li>\n<li>1 Essl\u00f6ffel Weinessig<\/li>\n<li>4 Essl\u00f6ffel Walnuss\u00f6l<\/li>\n<\/ul>\n<p><strong>F\u00fcr das Dressing:<\/strong><\/p>\n<ul>\n<li>4 Essl\u00f6ffel Oliven\u00f6l<\/li>\n<li>2 Essl\u00f6ffel Balsamico-Essig<\/li>\n<li>1 Essl\u00f6ffel Senf<\/li>\n<\/ul>\n<p><strong>Quelle:<\/strong> Elle<\/p>\n","protected":false},"excerpt":{"rendered":"<p>Sommersalat mit Foie Gras und Feigenmarmelade Zutaten: 300 g Foie Gras 1\/2 Bund Brunnenkresse 1 Renette-Apfel 2 frische Feigen (oder 4 getrocknete Feigen) 1 Essl\u00f6ffel Feigenmarmelade 1 Essl\u00f6ffel Weinessig 4 Essl\u00f6ffel Walnuss\u00f6l F\u00fcr das Dressing: 4 Essl\u00f6ffel Oliven\u00f6l 2 Essl\u00f6ffel Balsamico-Essig 1 Essl\u00f6ffel Senf Quelle: Elle<\/p>\n","protected":false},"author":1,"featured_media":37627,"comment_status":"open","ping_status":"open","sticky":false,"template":"","format":"standard","meta":{"footnotes":""},"categories":[481],"tags":[],"class_list":["post-43371","post","type-post","status-publish","format-standard","has-post-thumbnail","hentry","category-blog"],"yoast_head":"<!-- This site is optimized with the Yoast SEO Premium plugin v27.4 (Yoast SEO v27.5) - https:\/\/yoast.com\/product\/yoast-seo-premium-wordpress\/ -->\n<title>Sommersalat mit Foie Gras &amp; Feigenkonfit\u00fcre<\/title>\n<meta name=\"description\" content=\"Leichte Sommersalate mit Foie Gras und Feigenmarmelade \u2013 fruchtig, fein und raffiniert.\" \/>\n<meta name=\"robots\" content=\"index, follow, max-snippet:-1, max-image-preview:large, max-video-preview:-1\" \/>\n<link rel=\"canonical\" href=\"https:\/\/relaisgourmet.com\/de\/sommersalat-mit-foie-gras-und-feigenmarmelade\/\" \/>\n<meta property=\"og:locale\" content=\"de_DE\" \/>\n<meta property=\"og:type\" content=\"article\" \/>\n<meta property=\"og:title\" content=\"Sommersalat mit Foie Gras und Feigenmarmelade\" \/>\n<meta property=\"og:description\" content=\"Leichte Sommersalate mit Foie Gras und Feigenmarmelade \u2013 fruchtig, fein und raffiniert.\" \/>\n<meta property=\"og:url\" content=\"https:\/\/relaisgourmet.com\/de\/sommersalat-mit-foie-gras-und-feigenmarmelade\/\" \/>\n<meta property=\"og:site_name\" content=\"Relais Gourmet\" \/>\n<meta property=\"article:publisher\" content=\"https:\/\/facebook.com\/yoast\" \/>\n<meta property=\"article:published_time\" content=\"2024-07-15T06:00:44+00:00\" \/>\n<meta property=\"article:modified_time\" content=\"2025-04-12T20:24:37+00:00\" \/>\n<meta property=\"og:image\" content=\"https:\/\/relaisgourmet.com\/wp-content\/uploads\/2024\/09\/salade-foie-gras-e1719389737541.jpg\" \/>\n\t<meta property=\"og:image:width\" content=\"371\" \/>\n\t<meta property=\"og:image:height\" content=\"371\" \/>\n\t<meta property=\"og:image:type\" content=\"image\/jpeg\" \/>\n<meta name=\"twitter:card\" content=\"summary_large_image\" \/>\n<meta name=\"twitter:label1\" content=\"Verfasst von\" \/>\n\t<meta name=\"twitter:data1\" content=\"\" \/>\n<script type=\"application\/ld+json\" class=\"yoast-schema-graph\">{\"@context\":\"https:\\\/\\\/schema.org\",\"@graph\":[{\"@type\":\"Article\",\"@id\":\"https:\\\/\\\/relaisgourmet.com\\\/de\\\/sommersalat-mit-foie-gras-und-feigenmarmelade\\\/#article\",\"isPartOf\":{\"@id\":\"https:\\\/\\\/relaisgourmet.com\\\/de\\\/sommersalat-mit-foie-gras-und-feigenmarmelade\\\/\"},\"author\":{\"name\":\"\",\"@id\":\"\"},\"headline\":\"Sommersalat mit Foie Gras und Feigenmarmelade\",\"datePublished\":\"2024-07-15T06:00:44+00:00\",\"dateModified\":\"2025-04-12T20:24:37+00:00\",\"mainEntityOfPage\":{\"@id\":\"https:\\\/\\\/relaisgourmet.com\\\/de\\\/sommersalat-mit-foie-gras-und-feigenmarmelade\\\/\"},\"wordCount\":50,\"commentCount\":0,\"publisher\":{\"@id\":\"https:\\\/\\\/relaisgourmet.com\\\/de\\\/#organization\"},\"image\":{\"@id\":\"https:\\\/\\\/relaisgourmet.com\\\/de\\\/sommersalat-mit-foie-gras-und-feigenmarmelade\\\/#primaryimage\"},\"thumbnailUrl\":\"https:\\\/\\\/relaisgourmet.com\\\/wp-content\\\/uploads\\\/2024\\\/09\\\/salade-foie-gras-e1719389737541.jpg\",\"articleSection\":[\"Blog\"],\"inLanguage\":\"de\",\"potentialAction\":[{\"@type\":\"CommentAction\",\"name\":\"Comment\",\"target\":[\"https:\\\/\\\/relaisgourmet.com\\\/de\\\/sommersalat-mit-foie-gras-und-feigenmarmelade\\\/#respond\"]}]},{\"@type\":\"WebPage\",\"@id\":\"https:\\\/\\\/relaisgourmet.com\\\/de\\\/sommersalat-mit-foie-gras-und-feigenmarmelade\\\/\",\"url\":\"https:\\\/\\\/relaisgourmet.com\\\/de\\\/sommersalat-mit-foie-gras-und-feigenmarmelade\\\/\",\"name\":\"Sommersalat mit Foie Gras & Feigenkonfit\u00fcre\",\"isPartOf\":{\"@id\":\"https:\\\/\\\/relaisgourmet.com\\\/de\\\/#website\"},\"primaryImageOfPage\":{\"@id\":\"https:\\\/\\\/relaisgourmet.com\\\/de\\\/sommersalat-mit-foie-gras-und-feigenmarmelade\\\/#primaryimage\"},\"image\":{\"@id\":\"https:\\\/\\\/relaisgourmet.com\\\/de\\\/sommersalat-mit-foie-gras-und-feigenmarmelade\\\/#primaryimage\"},\"thumbnailUrl\":\"https:\\\/\\\/relaisgourmet.com\\\/wp-content\\\/uploads\\\/2024\\\/09\\\/salade-foie-gras-e1719389737541.jpg\",\"datePublished\":\"2024-07-15T06:00:44+00:00\",\"dateModified\":\"2025-04-12T20:24:37+00:00\",\"description\":\"Leichte Sommersalate mit Foie Gras und Feigenmarmelade \u2013 fruchtig, fein und raffiniert.\",\"breadcrumb\":{\"@id\":\"https:\\\/\\\/relaisgourmet.com\\\/de\\\/sommersalat-mit-foie-gras-und-feigenmarmelade\\\/#breadcrumb\"},\"inLanguage\":\"de\",\"potentialAction\":[{\"@type\":\"ReadAction\",\"target\":[\"https:\\\/\\\/relaisgourmet.com\\\/de\\\/sommersalat-mit-foie-gras-und-feigenmarmelade\\\/\"]}]},{\"@type\":\"ImageObject\",\"inLanguage\":\"de\",\"@id\":\"https:\\\/\\\/relaisgourmet.com\\\/de\\\/sommersalat-mit-foie-gras-und-feigenmarmelade\\\/#primaryimage\",\"url\":\"https:\\\/\\\/relaisgourmet.com\\\/wp-content\\\/uploads\\\/2024\\\/09\\\/salade-foie-gras-e1719389737541.jpg\",\"contentUrl\":\"https:\\\/\\\/relaisgourmet.com\\\/wp-content\\\/uploads\\\/2024\\\/09\\\/salade-foie-gras-e1719389737541.jpg\",\"width\":371,\"height\":371},{\"@type\":\"BreadcrumbList\",\"@id\":\"https:\\\/\\\/relaisgourmet.com\\\/de\\\/sommersalat-mit-foie-gras-und-feigenmarmelade\\\/#breadcrumb\",\"itemListElement\":[{\"@type\":\"ListItem\",\"position\":1,\"name\":\"Startseite\",\"item\":\"https:\\\/\\\/relaisgourmet.com\\\/de\\\/\"},{\"@type\":\"ListItem\",\"position\":2,\"name\":\"Sommersalat mit Foie Gras und Feigenmarmelade\"}]},{\"@type\":\"WebSite\",\"@id\":\"https:\\\/\\\/relaisgourmet.com\\\/de\\\/#website\",\"url\":\"https:\\\/\\\/relaisgourmet.com\\\/de\\\/\",\"name\":\"Relais Gourmet\",\"description\":\"Maison Gastronomique au Pays-Basque Depuis 2004\",\"publisher\":{\"@id\":\"https:\\\/\\\/relaisgourmet.com\\\/de\\\/#organization\"},\"potentialAction\":[{\"@type\":\"SearchAction\",\"target\":{\"@type\":\"EntryPoint\",\"urlTemplate\":\"https:\\\/\\\/relaisgourmet.com\\\/de\\\/?s={search_term_string}\"},\"query-input\":{\"@type\":\"PropertyValueSpecification\",\"valueRequired\":true,\"valueName\":\"search_term_string\"}}],\"inLanguage\":\"de\"},{\"@type\":\"Organization\",\"@id\":\"https:\\\/\\\/relaisgourmet.com\\\/de\\\/#organization\",\"name\":\"Relais Gourmet\",\"url\":\"https:\\\/\\\/relaisgourmet.com\\\/de\\\/\",\"logo\":{\"@type\":\"ImageObject\",\"inLanguage\":\"de\",\"@id\":\"https:\\\/\\\/relaisgourmet.com\\\/de\\\/#\\\/schema\\\/logo\\\/image\\\/\",\"url\":\"https:\\\/\\\/relaisgourmet.com\\\/wp-content\\\/uploads\\\/2024\\\/11\\\/Diseno-sin-titulo-8.jpg\",\"contentUrl\":\"https:\\\/\\\/relaisgourmet.com\\\/wp-content\\\/uploads\\\/2024\\\/11\\\/Diseno-sin-titulo-8.jpg\",\"width\":500,\"height\":500,\"caption\":\"Relais Gourmet\"},\"image\":{\"@id\":\"https:\\\/\\\/relaisgourmet.com\\\/de\\\/#\\\/schema\\\/logo\\\/image\\\/\"},\"sameAs\":[\"https:\\\/\\\/facebook.com\\\/yoast\",\"https:\\\/\\\/instagram.com\\\/yoast\"]},{\"@type\":\"Person\",\"@id\":\"\",\"url\":\"https:\\\/\\\/relaisgourmet.com\\\/de\\\/author\\\/\"}]}<\/script>\n<!-- \/ Yoast SEO Premium plugin. -->","yoast_head_json":{"title":"Sommersalat mit Foie Gras & Feigenkonfit\u00fcre","description":"Leichte Sommersalate mit Foie Gras und Feigenmarmelade \u2013 fruchtig, fein und raffiniert.","robots":{"index":"index","follow":"follow","max-snippet":"max-snippet:-1","max-image-preview":"max-image-preview:large","max-video-preview":"max-video-preview:-1"},"canonical":"https:\/\/relaisgourmet.com\/de\/sommersalat-mit-foie-gras-und-feigenmarmelade\/","og_locale":"de_DE","og_type":"article","og_title":"Sommersalat mit Foie Gras und Feigenmarmelade","og_description":"Leichte Sommersalate mit Foie Gras und Feigenmarmelade \u2013 fruchtig, fein und raffiniert.","og_url":"https:\/\/relaisgourmet.com\/de\/sommersalat-mit-foie-gras-und-feigenmarmelade\/","og_site_name":"Relais Gourmet","article_publisher":"https:\/\/facebook.com\/yoast","article_published_time":"2024-07-15T06:00:44+00:00","article_modified_time":"2025-04-12T20:24:37+00:00","og_image":[{"width":371,"height":371,"url":"https:\/\/relaisgourmet.com\/wp-content\/uploads\/2024\/09\/salade-foie-gras-e1719389737541.jpg","type":"image\/jpeg"}],"twitter_card":"summary_large_image","twitter_misc":{"Verfasst von":""},"schema":{"@context":"https:\/\/schema.org","@graph":[{"@type":"Article","@id":"https:\/\/relaisgourmet.com\/de\/sommersalat-mit-foie-gras-und-feigenmarmelade\/#article","isPartOf":{"@id":"https:\/\/relaisgourmet.com\/de\/sommersalat-mit-foie-gras-und-feigenmarmelade\/"},"author":{"name":"","@id":""},"headline":"Sommersalat mit Foie Gras und Feigenmarmelade","datePublished":"2024-07-15T06:00:44+00:00","dateModified":"2025-04-12T20:24:37+00:00","mainEntityOfPage":{"@id":"https:\/\/relaisgourmet.com\/de\/sommersalat-mit-foie-gras-und-feigenmarmelade\/"},"wordCount":50,"commentCount":0,"publisher":{"@id":"https:\/\/relaisgourmet.com\/de\/#organization"},"image":{"@id":"https:\/\/relaisgourmet.com\/de\/sommersalat-mit-foie-gras-und-feigenmarmelade\/#primaryimage"},"thumbnailUrl":"https:\/\/relaisgourmet.com\/wp-content\/uploads\/2024\/09\/salade-foie-gras-e1719389737541.jpg","articleSection":["Blog"],"inLanguage":"de","potentialAction":[{"@type":"CommentAction","name":"Comment","target":["https:\/\/relaisgourmet.com\/de\/sommersalat-mit-foie-gras-und-feigenmarmelade\/#respond"]}]},{"@type":"WebPage","@id":"https:\/\/relaisgourmet.com\/de\/sommersalat-mit-foie-gras-und-feigenmarmelade\/","url":"https:\/\/relaisgourmet.com\/de\/sommersalat-mit-foie-gras-und-feigenmarmelade\/","name":"Sommersalat mit Foie Gras & Feigenkonfit\u00fcre","isPartOf":{"@id":"https:\/\/relaisgourmet.com\/de\/#website"},"primaryImageOfPage":{"@id":"https:\/\/relaisgourmet.com\/de\/sommersalat-mit-foie-gras-und-feigenmarmelade\/#primaryimage"},"image":{"@id":"https:\/\/relaisgourmet.com\/de\/sommersalat-mit-foie-gras-und-feigenmarmelade\/#primaryimage"},"thumbnailUrl":"https:\/\/relaisgourmet.com\/wp-content\/uploads\/2024\/09\/salade-foie-gras-e1719389737541.jpg","datePublished":"2024-07-15T06:00:44+00:00","dateModified":"2025-04-12T20:24:37+00:00","description":"Leichte Sommersalate mit Foie Gras und Feigenmarmelade \u2013 fruchtig, fein und raffiniert.","breadcrumb":{"@id":"https:\/\/relaisgourmet.com\/de\/sommersalat-mit-foie-gras-und-feigenmarmelade\/#breadcrumb"},"inLanguage":"de","potentialAction":[{"@type":"ReadAction","target":["https:\/\/relaisgourmet.com\/de\/sommersalat-mit-foie-gras-und-feigenmarmelade\/"]}]},{"@type":"ImageObject","inLanguage":"de","@id":"https:\/\/relaisgourmet.com\/de\/sommersalat-mit-foie-gras-und-feigenmarmelade\/#primaryimage","url":"https:\/\/relaisgourmet.com\/wp-content\/uploads\/2024\/09\/salade-foie-gras-e1719389737541.jpg","contentUrl":"https:\/\/relaisgourmet.com\/wp-content\/uploads\/2024\/09\/salade-foie-gras-e1719389737541.jpg","width":371,"height":371},{"@type":"BreadcrumbList","@id":"https:\/\/relaisgourmet.com\/de\/sommersalat-mit-foie-gras-und-feigenmarmelade\/#breadcrumb","itemListElement":[{"@type":"ListItem","position":1,"name":"Startseite","item":"https:\/\/relaisgourmet.com\/de\/"},{"@type":"ListItem","position":2,"name":"Sommersalat mit Foie Gras und Feigenmarmelade"}]},{"@type":"WebSite","@id":"https:\/\/relaisgourmet.com\/de\/#website","url":"https:\/\/relaisgourmet.com\/de\/","name":"Relais Gourmet","description":"Maison Gastronomique au Pays-Basque Depuis 2004","publisher":{"@id":"https:\/\/relaisgourmet.com\/de\/#organization"},"potentialAction":[{"@type":"SearchAction","target":{"@type":"EntryPoint","urlTemplate":"https:\/\/relaisgourmet.com\/de\/?s={search_term_string}"},"query-input":{"@type":"PropertyValueSpecification","valueRequired":true,"valueName":"search_term_string"}}],"inLanguage":"de"},{"@type":"Organization","@id":"https:\/\/relaisgourmet.com\/de\/#organization","name":"Relais Gourmet","url":"https:\/\/relaisgourmet.com\/de\/","logo":{"@type":"ImageObject","inLanguage":"de","@id":"https:\/\/relaisgourmet.com\/de\/#\/schema\/logo\/image\/","url":"https:\/\/relaisgourmet.com\/wp-content\/uploads\/2024\/11\/Diseno-sin-titulo-8.jpg","contentUrl":"https:\/\/relaisgourmet.com\/wp-content\/uploads\/2024\/11\/Diseno-sin-titulo-8.jpg","width":500,"height":500,"caption":"Relais Gourmet"},"image":{"@id":"https:\/\/relaisgourmet.com\/de\/#\/schema\/logo\/image\/"},"sameAs":["https:\/\/facebook.com\/yoast","https:\/\/instagram.com\/yoast"]},{"@type":"Person","@id":"","url":"https:\/\/relaisgourmet.com\/de\/author\/"}]}},"_links":{"self":[{"href":"https:\/\/relaisgourmet.com\/de\/wp-json\/wp\/v2\/posts\/43371","targetHints":{"allow":["GET"]}}],"collection":[{"href":"https:\/\/relaisgourmet.com\/de\/wp-json\/wp\/v2\/posts"}],"about":[{"href":"https:\/\/relaisgourmet.com\/de\/wp-json\/wp\/v2\/types\/post"}],"author":[{"embeddable":true,"href":"https:\/\/relaisgourmet.com\/de\/wp-json\/wp\/v2\/users\/1"}],"replies":[{"embeddable":true,"href":"https:\/\/relaisgourmet.com\/de\/wp-json\/wp\/v2\/comments?post=43371"}],"version-history":[{"count":0,"href":"https:\/\/relaisgourmet.com\/de\/wp-json\/wp\/v2\/posts\/43371\/revisions"}],"wp:featuredmedia":[{"embeddable":true,"href":"https:\/\/relaisgourmet.com\/de\/wp-json\/wp\/v2\/media\/37627"}],"wp:attachment":[{"href":"https:\/\/relaisgourmet.com\/de\/wp-json\/wp\/v2\/media?parent=43371"}],"wp:term":[{"taxonomy":"category","embeddable":true,"href":"https:\/\/relaisgourmet.com\/de\/wp-json\/wp\/v2\/categories?post=43371"},{"taxonomy":"post_tag","embeddable":true,"href":"https:\/\/relaisgourmet.com\/de\/wp-json\/wp\/v2\/tags?post=43371"}],"curies":[{"name":"wp","href":"https:\/\/api.w.org\/{rel}","templated":true}]}}