{"id":43323,"date":"2021-02-16T09:50:26","date_gmt":"2021-02-16T08:50:26","guid":{"rendered":"https:\/\/relaisgourmet.com\/g-wie-gaensegeier\/"},"modified":"2025-04-12T22:23:51","modified_gmt":"2025-04-12T20:23:51","slug":"g-wie-gaensegeier","status":"publish","type":"post","link":"https:\/\/relaisgourmet.com\/de\/g-wie-gaensegeier\/","title":{"rendered":"G wie G\u00e4nsegeier"},"content":{"rendered":"\n<p>\n<em>Es gibt Zeiten, in denen Sie einen G\u00e4nsegeier am Himmel der westlichen Pyren\u00e4en entdecken k\u00f6nnen. Sein majest\u00e4tischer Flug zieht sofort die Aufmerksamkeit auf sich. Man sagt, dass dieser Geier der K\u00f6nig der Gipfel ist, aber er ist auch der emblematische Vogel des Baskenlandes. <\/em><em>Der Sommer ist, wie der Fr\u00fchling, die ideale Jahreszeit, um sie zu beobachten. Es ist in der Tat so, dass sich der Vogel w\u00e4hrend dieser Jahreszeiten fortpflanzt.<\/em><\/p>\n\n<h4 class=\"wp-block-heading\"><strong>Le&#13;\nvautour fauve, un animal typique des montagnes pyr\u00e9n\u00e9ennes, \u00e0&#13;\nprot\u00e9ger<\/strong><\/h4>\n\n<p>Vor nicht allzu langer Zeit, am 6. April 2019, organisierte der in Ustaritz ans\u00e4ssige Verein zum Schutz der Tierwelt des Departements Hegalaldia in Zusammenarbeit mit dem St\u00e4ndigen Zentrum f\u00fcr Umweltinitiativen (CPIE) und dem Departement des Baskenlandes ein Geier Bankett in Bussunarits-Sarrasquette. Der M\u00f6nchsgeier stand im Rampenlicht. Das Thema der Veranstaltung konzentrierte sich auf die Verbindung zwischen Gehirn und Pastoralismus. Unter solchen Umst\u00e4nden bietet sich, wenn es das Klima erlaubt, die Gelegenheit, die Freilassung des G\u00e4nsegeiers zu beobachten. Es ist eine beredte Geste, die den Erhalt dieses f\u00fcr die Pyren\u00e4en typischen aas fressenden Vogels widerspiegelt. Gleichzeitig werden an einem Buffet einige landestypische Gerichte verkostet. Wir nehmen an Freizeit-Workshops teil, w\u00e4hrend wir die Geier beobachten. All dies soll zeigen, dass der Geier, insbesondere der G\u00e4nsegeier, in den Augen der Pyren\u00e4enbewohner wichtig ist. Fahren Sie also in die atlantischen Pyren\u00e4en und in die Hautes-Pyr\u00e9n\u00e9es, um eine bessere Chance zu haben, sie zu sehen.<\/p>\n\n<h4 class=\"wp-block-heading\"><strong>Die Heimat der G\u00e4nsegeier<\/strong><\/h4>\n\n<p>Diese gro\u00dfen Greifv\u00f6gel, die zwischen 95 und 105 cm gro\u00df sind und zwischen 8 und 11 kg wiegen, halten sich gerne in felsigen Steilh\u00e4ngen auf. Sie nisten in den unteren Teilen der Berge, in der N\u00e4he von gro\u00dfen T\u00e4lern, Ebenen, Hochebenen und Causses. Das Refugium dieser geselligen V\u00f6gel ist an den in die Felswand gehauenen Vorspr\u00fcngen zu erkennen. Darunter befinden sich H\u00f6hlen, die sie bauen, um sich vor Fressfeinden zu sch\u00fctzen. Der Zugang ist frei. Dies ist f\u00fcr den Start und die Landung dieser gleitenden V\u00f6gel. Ihr Nest errichten sie an den Klippen und bevorzugen dabei eine Umgebung aus Kalkstein. Da sie in Kolonien von etwa 15 bis 20 Paaren nisten (beachten Sie, dass G\u00e4nsegeier monogam sind), kann die k\u00fcrzeste Entfernung zwischen zwei Nestern weniger als 2 m betragen.<\/p>\n\n<h4 class=\"wp-block-heading\"><strong>La&#13;\nreproduction des vautours fauves<\/strong><\/h4>\n\n<p>Ein G\u00e4nsegeier-P\u00e4rchen w\u00fcrde sich zusammenschlie\u00dfen, bis einer von ihnen verschwindet. Sie machen Balzfl\u00fcge in der N\u00e4he ihres Brutplatzes und in der N\u00e4he ihres Schlafplatzes. Das sind synchronisierte Fl\u00fcge, im Tandem, die der Wand ihres Felsens folgen. Einer fliegt \u00fcber den anderen. Die Paarung, das Nisten und der Revierbau mit Hilfe von Federn und \u00c4sten beginnt normalerweise im November. Die Eiablagezeit liegt zwischen Ende des Jahres und Anfang M\u00e4rz. Der G\u00e4nsegeier legt nur ein Ei. Die gl\u00fccklichsten legen zwei, aber das ist selten. Die Inkubationszeit betr\u00e4gt zwischen 53 und 54 Tagen. Wenn das K\u00fcken aus dem Ei geschl\u00fcpft ist, bleibt es etwa 120 Tage lang in seinem Bereich. Beide Eltern ziehen das K\u00fcken auf, bevor es fliegt, aber auch wenn es fliegt, f\u00fcttern die Eltern es noch ein bis zwei Monate lang.<\/p>\n\n<p>Weitere interessante Fakten \u00fcber das Baskenland finden Sie auf unserem Blog!<\/p>\n","protected":false},"excerpt":{"rendered":"<p>Es gibt Zeiten, in denen Sie einen G\u00e4nsegeier am Himmel der westlichen Pyren\u00e4en entdecken k\u00f6nnen. Sein majest\u00e4tischer Flug zieht sofort die Aufmerksamkeit auf sich. Man sagt, dass dieser Geier der K\u00f6nig der Gipfel ist, aber er ist auch der emblematische Vogel des Baskenlandes. Der Sommer ist, wie der Fr\u00fchling, die ideale Jahreszeit, um sie zu [&hellip;]<\/p>\n","protected":false},"author":1,"featured_media":37348,"comment_status":"open","ping_status":"open","sticky":false,"template":"","format":"standard","meta":{"footnotes":""},"categories":[1180],"tags":[],"class_list":["post-43323","post","type-post","status-publish","format-standard","has-post-thumbnail","hentry","category-unkategorisiert"],"yoast_head":"<!-- This site is optimized with the Yoast SEO Premium plugin v27.4 (Yoast SEO v27.5) - https:\/\/yoast.com\/product\/yoast-seo-premium-wordpress\/ -->\n<title>G wie Geier \u2013 Naturbeobachtung im Baskenland<\/title>\n<meta name=\"description\" content=\"Das Baskenland: wo Tradition, Genuss und Landschaft sich treffen.\" \/>\n<meta name=\"robots\" content=\"index, follow, max-snippet:-1, max-image-preview:large, max-video-preview:-1\" \/>\n<link rel=\"canonical\" href=\"https:\/\/relaisgourmet.com\/de\/g-wie-gaensegeier\/\" \/>\n<meta property=\"og:locale\" content=\"de_DE\" \/>\n<meta property=\"og:type\" content=\"article\" \/>\n<meta property=\"og:title\" content=\"G wie G\u00e4nsegeier\" \/>\n<meta property=\"og:description\" content=\"Das Baskenland: wo Tradition, Genuss und Landschaft sich treffen.\" \/>\n<meta property=\"og:url\" content=\"https:\/\/relaisgourmet.com\/de\/g-wie-gaensegeier\/\" \/>\n<meta property=\"og:site_name\" content=\"Relais Gourmet\" \/>\n<meta property=\"article:publisher\" content=\"https:\/\/facebook.com\/yoast\" \/>\n<meta property=\"article:published_time\" content=\"2021-02-16T08:50:26+00:00\" \/>\n<meta property=\"article:modified_time\" content=\"2025-04-12T20:23:51+00:00\" \/>\n<meta property=\"og:image\" content=\"https:\/\/relaisgourmet.com\/wp-content\/uploads\/2024\/09\/Vautour-fauve-04.04.2018-13.jpg\" \/>\n\t<meta property=\"og:image:width\" content=\"1600\" \/>\n\t<meta property=\"og:image:height\" content=\"1066\" \/>\n\t<meta property=\"og:image:type\" content=\"image\/jpeg\" \/>\n<meta name=\"twitter:card\" content=\"summary_large_image\" \/>\n<meta name=\"twitter:label1\" content=\"Verfasst von\" \/>\n\t<meta name=\"twitter:data1\" content=\"\" \/>\n\t<meta name=\"twitter:label2\" content=\"Gesch\u00e4tzte Lesezeit\" \/>\n\t<meta name=\"twitter:data2\" content=\"3\u00a0Minute\" \/>\n<script type=\"application\/ld+json\" class=\"yoast-schema-graph\">{\"@context\":\"https:\\\/\\\/schema.org\",\"@graph\":[{\"@type\":\"Article\",\"@id\":\"https:\\\/\\\/relaisgourmet.com\\\/de\\\/g-wie-gaensegeier\\\/#article\",\"isPartOf\":{\"@id\":\"https:\\\/\\\/relaisgourmet.com\\\/de\\\/g-wie-gaensegeier\\\/\"},\"author\":{\"name\":\"\",\"@id\":\"\"},\"headline\":\"G wie G\u00e4nsegeier\",\"datePublished\":\"2021-02-16T08:50:26+00:00\",\"dateModified\":\"2025-04-12T20:23:51+00:00\",\"mainEntityOfPage\":{\"@id\":\"https:\\\/\\\/relaisgourmet.com\\\/de\\\/g-wie-gaensegeier\\\/\"},\"wordCount\":557,\"commentCount\":0,\"publisher\":{\"@id\":\"https:\\\/\\\/relaisgourmet.com\\\/de\\\/#organization\"},\"image\":{\"@id\":\"https:\\\/\\\/relaisgourmet.com\\\/de\\\/g-wie-gaensegeier\\\/#primaryimage\"},\"thumbnailUrl\":\"https:\\\/\\\/relaisgourmet.com\\\/wp-content\\\/uploads\\\/2024\\\/09\\\/Vautour-fauve-04.04.2018-13.jpg\",\"articleSection\":[\"Unkategorisiert\"],\"inLanguage\":\"de\",\"potentialAction\":[{\"@type\":\"CommentAction\",\"name\":\"Comment\",\"target\":[\"https:\\\/\\\/relaisgourmet.com\\\/de\\\/g-wie-gaensegeier\\\/#respond\"]}]},{\"@type\":\"WebPage\",\"@id\":\"https:\\\/\\\/relaisgourmet.com\\\/de\\\/g-wie-gaensegeier\\\/\",\"url\":\"https:\\\/\\\/relaisgourmet.com\\\/de\\\/g-wie-gaensegeier\\\/\",\"name\":\"G wie Geier \u2013 Naturbeobachtung im Baskenland\",\"isPartOf\":{\"@id\":\"https:\\\/\\\/relaisgourmet.com\\\/de\\\/#website\"},\"primaryImageOfPage\":{\"@id\":\"https:\\\/\\\/relaisgourmet.com\\\/de\\\/g-wie-gaensegeier\\\/#primaryimage\"},\"image\":{\"@id\":\"https:\\\/\\\/relaisgourmet.com\\\/de\\\/g-wie-gaensegeier\\\/#primaryimage\"},\"thumbnailUrl\":\"https:\\\/\\\/relaisgourmet.com\\\/wp-content\\\/uploads\\\/2024\\\/09\\\/Vautour-fauve-04.04.2018-13.jpg\",\"datePublished\":\"2021-02-16T08:50:26+00:00\",\"dateModified\":\"2025-04-12T20:23:51+00:00\",\"description\":\"Das Baskenland: wo Tradition, Genuss und Landschaft sich treffen.\",\"breadcrumb\":{\"@id\":\"https:\\\/\\\/relaisgourmet.com\\\/de\\\/g-wie-gaensegeier\\\/#breadcrumb\"},\"inLanguage\":\"de\",\"potentialAction\":[{\"@type\":\"ReadAction\",\"target\":[\"https:\\\/\\\/relaisgourmet.com\\\/de\\\/g-wie-gaensegeier\\\/\"]}]},{\"@type\":\"ImageObject\",\"inLanguage\":\"de\",\"@id\":\"https:\\\/\\\/relaisgourmet.com\\\/de\\\/g-wie-gaensegeier\\\/#primaryimage\",\"url\":\"https:\\\/\\\/relaisgourmet.com\\\/wp-content\\\/uploads\\\/2024\\\/09\\\/Vautour-fauve-04.04.2018-13.jpg\",\"contentUrl\":\"https:\\\/\\\/relaisgourmet.com\\\/wp-content\\\/uploads\\\/2024\\\/09\\\/Vautour-fauve-04.04.2018-13.jpg\",\"width\":1600,\"height\":1066},{\"@type\":\"BreadcrumbList\",\"@id\":\"https:\\\/\\\/relaisgourmet.com\\\/de\\\/g-wie-gaensegeier\\\/#breadcrumb\",\"itemListElement\":[{\"@type\":\"ListItem\",\"position\":1,\"name\":\"Startseite\",\"item\":\"https:\\\/\\\/relaisgourmet.com\\\/de\\\/\"},{\"@type\":\"ListItem\",\"position\":2,\"name\":\"G wie G\u00e4nsegeier\"}]},{\"@type\":\"WebSite\",\"@id\":\"https:\\\/\\\/relaisgourmet.com\\\/de\\\/#website\",\"url\":\"https:\\\/\\\/relaisgourmet.com\\\/de\\\/\",\"name\":\"Relais Gourmet\",\"description\":\"Maison Gastronomique au Pays-Basque Depuis 2004\",\"publisher\":{\"@id\":\"https:\\\/\\\/relaisgourmet.com\\\/de\\\/#organization\"},\"potentialAction\":[{\"@type\":\"SearchAction\",\"target\":{\"@type\":\"EntryPoint\",\"urlTemplate\":\"https:\\\/\\\/relaisgourmet.com\\\/de\\\/?s={search_term_string}\"},\"query-input\":{\"@type\":\"PropertyValueSpecification\",\"valueRequired\":true,\"valueName\":\"search_term_string\"}}],\"inLanguage\":\"de\"},{\"@type\":\"Organization\",\"@id\":\"https:\\\/\\\/relaisgourmet.com\\\/de\\\/#organization\",\"name\":\"Relais Gourmet\",\"url\":\"https:\\\/\\\/relaisgourmet.com\\\/de\\\/\",\"logo\":{\"@type\":\"ImageObject\",\"inLanguage\":\"de\",\"@id\":\"https:\\\/\\\/relaisgourmet.com\\\/de\\\/#\\\/schema\\\/logo\\\/image\\\/\",\"url\":\"https:\\\/\\\/relaisgourmet.com\\\/wp-content\\\/uploads\\\/2024\\\/11\\\/Diseno-sin-titulo-8.jpg\",\"contentUrl\":\"https:\\\/\\\/relaisgourmet.com\\\/wp-content\\\/uploads\\\/2024\\\/11\\\/Diseno-sin-titulo-8.jpg\",\"width\":500,\"height\":500,\"caption\":\"Relais Gourmet\"},\"image\":{\"@id\":\"https:\\\/\\\/relaisgourmet.com\\\/de\\\/#\\\/schema\\\/logo\\\/image\\\/\"},\"sameAs\":[\"https:\\\/\\\/facebook.com\\\/yoast\",\"https:\\\/\\\/instagram.com\\\/yoast\"]},{\"@type\":\"Person\",\"@id\":\"\",\"url\":\"https:\\\/\\\/relaisgourmet.com\\\/de\\\/author\\\/\"}]}<\/script>\n<!-- \/ Yoast SEO Premium plugin. -->","yoast_head_json":{"title":"G wie Geier \u2013 Naturbeobachtung im Baskenland","description":"Das Baskenland: wo Tradition, Genuss und Landschaft sich treffen.","robots":{"index":"index","follow":"follow","max-snippet":"max-snippet:-1","max-image-preview":"max-image-preview:large","max-video-preview":"max-video-preview:-1"},"canonical":"https:\/\/relaisgourmet.com\/de\/g-wie-gaensegeier\/","og_locale":"de_DE","og_type":"article","og_title":"G wie G\u00e4nsegeier","og_description":"Das Baskenland: wo Tradition, Genuss und Landschaft sich treffen.","og_url":"https:\/\/relaisgourmet.com\/de\/g-wie-gaensegeier\/","og_site_name":"Relais Gourmet","article_publisher":"https:\/\/facebook.com\/yoast","article_published_time":"2021-02-16T08:50:26+00:00","article_modified_time":"2025-04-12T20:23:51+00:00","og_image":[{"width":1600,"height":1066,"url":"https:\/\/relaisgourmet.com\/wp-content\/uploads\/2024\/09\/Vautour-fauve-04.04.2018-13.jpg","type":"image\/jpeg"}],"twitter_card":"summary_large_image","twitter_misc":{"Verfasst von":"","Gesch\u00e4tzte Lesezeit":"3\u00a0Minute"},"schema":{"@context":"https:\/\/schema.org","@graph":[{"@type":"Article","@id":"https:\/\/relaisgourmet.com\/de\/g-wie-gaensegeier\/#article","isPartOf":{"@id":"https:\/\/relaisgourmet.com\/de\/g-wie-gaensegeier\/"},"author":{"name":"","@id":""},"headline":"G wie G\u00e4nsegeier","datePublished":"2021-02-16T08:50:26+00:00","dateModified":"2025-04-12T20:23:51+00:00","mainEntityOfPage":{"@id":"https:\/\/relaisgourmet.com\/de\/g-wie-gaensegeier\/"},"wordCount":557,"commentCount":0,"publisher":{"@id":"https:\/\/relaisgourmet.com\/de\/#organization"},"image":{"@id":"https:\/\/relaisgourmet.com\/de\/g-wie-gaensegeier\/#primaryimage"},"thumbnailUrl":"https:\/\/relaisgourmet.com\/wp-content\/uploads\/2024\/09\/Vautour-fauve-04.04.2018-13.jpg","articleSection":["Unkategorisiert"],"inLanguage":"de","potentialAction":[{"@type":"CommentAction","name":"Comment","target":["https:\/\/relaisgourmet.com\/de\/g-wie-gaensegeier\/#respond"]}]},{"@type":"WebPage","@id":"https:\/\/relaisgourmet.com\/de\/g-wie-gaensegeier\/","url":"https:\/\/relaisgourmet.com\/de\/g-wie-gaensegeier\/","name":"G wie Geier \u2013 Naturbeobachtung im Baskenland","isPartOf":{"@id":"https:\/\/relaisgourmet.com\/de\/#website"},"primaryImageOfPage":{"@id":"https:\/\/relaisgourmet.com\/de\/g-wie-gaensegeier\/#primaryimage"},"image":{"@id":"https:\/\/relaisgourmet.com\/de\/g-wie-gaensegeier\/#primaryimage"},"thumbnailUrl":"https:\/\/relaisgourmet.com\/wp-content\/uploads\/2024\/09\/Vautour-fauve-04.04.2018-13.jpg","datePublished":"2021-02-16T08:50:26+00:00","dateModified":"2025-04-12T20:23:51+00:00","description":"Das Baskenland: wo Tradition, Genuss und Landschaft sich treffen.","breadcrumb":{"@id":"https:\/\/relaisgourmet.com\/de\/g-wie-gaensegeier\/#breadcrumb"},"inLanguage":"de","potentialAction":[{"@type":"ReadAction","target":["https:\/\/relaisgourmet.com\/de\/g-wie-gaensegeier\/"]}]},{"@type":"ImageObject","inLanguage":"de","@id":"https:\/\/relaisgourmet.com\/de\/g-wie-gaensegeier\/#primaryimage","url":"https:\/\/relaisgourmet.com\/wp-content\/uploads\/2024\/09\/Vautour-fauve-04.04.2018-13.jpg","contentUrl":"https:\/\/relaisgourmet.com\/wp-content\/uploads\/2024\/09\/Vautour-fauve-04.04.2018-13.jpg","width":1600,"height":1066},{"@type":"BreadcrumbList","@id":"https:\/\/relaisgourmet.com\/de\/g-wie-gaensegeier\/#breadcrumb","itemListElement":[{"@type":"ListItem","position":1,"name":"Startseite","item":"https:\/\/relaisgourmet.com\/de\/"},{"@type":"ListItem","position":2,"name":"G wie G\u00e4nsegeier"}]},{"@type":"WebSite","@id":"https:\/\/relaisgourmet.com\/de\/#website","url":"https:\/\/relaisgourmet.com\/de\/","name":"Relais Gourmet","description":"Maison Gastronomique au Pays-Basque Depuis 2004","publisher":{"@id":"https:\/\/relaisgourmet.com\/de\/#organization"},"potentialAction":[{"@type":"SearchAction","target":{"@type":"EntryPoint","urlTemplate":"https:\/\/relaisgourmet.com\/de\/?s={search_term_string}"},"query-input":{"@type":"PropertyValueSpecification","valueRequired":true,"valueName":"search_term_string"}}],"inLanguage":"de"},{"@type":"Organization","@id":"https:\/\/relaisgourmet.com\/de\/#organization","name":"Relais Gourmet","url":"https:\/\/relaisgourmet.com\/de\/","logo":{"@type":"ImageObject","inLanguage":"de","@id":"https:\/\/relaisgourmet.com\/de\/#\/schema\/logo\/image\/","url":"https:\/\/relaisgourmet.com\/wp-content\/uploads\/2024\/11\/Diseno-sin-titulo-8.jpg","contentUrl":"https:\/\/relaisgourmet.com\/wp-content\/uploads\/2024\/11\/Diseno-sin-titulo-8.jpg","width":500,"height":500,"caption":"Relais Gourmet"},"image":{"@id":"https:\/\/relaisgourmet.com\/de\/#\/schema\/logo\/image\/"},"sameAs":["https:\/\/facebook.com\/yoast","https:\/\/instagram.com\/yoast"]},{"@type":"Person","@id":"","url":"https:\/\/relaisgourmet.com\/de\/author\/"}]}},"_links":{"self":[{"href":"https:\/\/relaisgourmet.com\/de\/wp-json\/wp\/v2\/posts\/43323","targetHints":{"allow":["GET"]}}],"collection":[{"href":"https:\/\/relaisgourmet.com\/de\/wp-json\/wp\/v2\/posts"}],"about":[{"href":"https:\/\/relaisgourmet.com\/de\/wp-json\/wp\/v2\/types\/post"}],"author":[{"embeddable":true,"href":"https:\/\/relaisgourmet.com\/de\/wp-json\/wp\/v2\/users\/1"}],"replies":[{"embeddable":true,"href":"https:\/\/relaisgourmet.com\/de\/wp-json\/wp\/v2\/comments?post=43323"}],"version-history":[{"count":0,"href":"https:\/\/relaisgourmet.com\/de\/wp-json\/wp\/v2\/posts\/43323\/revisions"}],"wp:featuredmedia":[{"embeddable":true,"href":"https:\/\/relaisgourmet.com\/de\/wp-json\/wp\/v2\/media\/37348"}],"wp:attachment":[{"href":"https:\/\/relaisgourmet.com\/de\/wp-json\/wp\/v2\/media?parent=43323"}],"wp:term":[{"taxonomy":"category","embeddable":true,"href":"https:\/\/relaisgourmet.com\/de\/wp-json\/wp\/v2\/categories?post=43323"},{"taxonomy":"post_tag","embeddable":true,"href":"https:\/\/relaisgourmet.com\/de\/wp-json\/wp\/v2\/tags?post=43323"}],"curies":[{"name":"wp","href":"https:\/\/api.w.org\/{rel}","templated":true}]}}